{"id":4664,"date":"2009-05-07T13:10:00","date_gmt":"2009-05-07T11:10:00","guid":{"rendered":"https:\/\/www.bho-legal.com\/fr\/konjunkturpaket-ii-und-ruestungsbeschaffung\/"},"modified":"2009-05-07T13:10:00","modified_gmt":"2009-05-07T11:10:00","slug":"konjunkturpaket-ii-und-ruestungsbeschaffung","status":"publish","type":"post","link":"https:\/\/www.bho-legal.com\/fr\/konjunkturpaket-ii-und-ruestungsbeschaffung\/","title":{"rendered":"Konjunkturpaket II und R\u00fcstungsbeschaffung"},"content":{"rendered":"<p>Die Teilhabe des Bundesministeriums der Verteidigung an dem Konjunkturpaket II erstreckt sich auf die Bereiche Infrastruktur, milit\u00e4rische Beschaffung und Informationstechnik. Dabei ist vorgesehen, f\u00fcr den Bereich Infrastruktur mit einem Volumen in H\u00f6he von 250 Mio. EUR den gr\u00f6\u00dften Anteil der dem Bundesministerium der Verteidigung zur Verf\u00fcgung stehenden Mittel zu verwenden, so Staatssekret\u00e4r Dr. R\u00fcdiger Wolf im Interview mit dem Beh\u00f6rden-Spiegel.<\/p>\n","protected":false},"excerpt":{"rendered":"<p>Die Teilhabe des Bundesministeriums der Verteidigung an dem Konjunkturpaket II erstreckt sich auf die Bereiche Infrastruktur, milit\u00e4rische Beschaffung und Informationstechnik. Dabei ist vorgesehen, f\u00fcr den Bereich Infrastruktur mit einem Volumen in H\u00f6he von 250 Mio. EUR den gr\u00f6\u00dften Anteil der dem Bundesministerium der Verteidigung zur Verf\u00fcgung stehenden Mittel zu verwenden, so Staatssekret\u00e4r Dr. R\u00fcdiger Wolf [&hellip;]<\/p>\n","protected":false},"author":16,"featured_media":0,"comment_status":"open","ping_status":"closed","sticky":false,"template":"","format":"standard","meta":{"footnotes":""},"categories":[90,91],"tags":[],"class_list":["post-4664","post","type-post","status-publish","format-standard","hentry","category-droit-des-marches-publics","category-securite-et-defense"],"yoast_head":"<!-- This site is optimized with the Yoast SEO plugin v28.3 - https:\/\/yoast.com\/product\/yoast-seo-wordpress\/ -->\n<title>Konjunkturpaket II und R\u00fcstungsbeschaffung - BHO-Legal<\/title>\n<meta name=\"robots\" content=\"index, follow, max-snippet:-1, max-image-preview:large, max-video-preview:-1\" \/>\n<link rel=\"canonical\" href=\"https:\/\/www.bho-legal.com\/fr\/konjunkturpaket-ii-und-ruestungsbeschaffung\/\" \/>\n<meta property=\"og:locale\" content=\"fr_FR\" \/>\n<meta property=\"og:type\" content=\"article\" \/>\n<meta property=\"og:title\" content=\"Konjunkturpaket II und R\u00fcstungsbeschaffung - BHO-Legal\" \/>\n<meta property=\"og:description\" content=\"Die Teilhabe des Bundesministeriums der Verteidigung an dem Konjunkturpaket II erstreckt sich auf die Bereiche Infrastruktur, milit\u00e4rische Beschaffung und Informationstechnik. Dabei ist vorgesehen, f\u00fcr den Bereich Infrastruktur mit einem Volumen in H\u00f6he von 250 Mio. EUR den gr\u00f6\u00dften Anteil der dem Bundesministerium der Verteidigung zur Verf\u00fcgung stehenden Mittel zu verwenden, so Staatssekret\u00e4r Dr. R\u00fcdiger Wolf [&hellip;]\" \/>\n<meta property=\"og:url\" content=\"https:\/\/www.bho-legal.com\/fr\/konjunkturpaket-ii-und-ruestungsbeschaffung\/\" \/>\n<meta property=\"og:site_name\" content=\"BHO-Legal\" \/>\n<meta property=\"article:published_time\" content=\"2009-05-07T11:10:00+00:00\" \/>\n<meta name=\"author\" content=\"Dr. Roderic Ortner\" \/>\n<meta name=\"twitter:card\" content=\"summary_large_image\" \/>\n<meta name=\"twitter:label1\" content=\"\u00c9crit par\" \/>\n\t<meta name=\"twitter:data1\" content=\"Dr. Roderic Ortner\" \/>\n<script type=\"application\/ld+json\" class=\"yoast-schema-graph\">{\"@context\":\"https:\\\/\\\/schema.org\",\"@graph\":[{\"@type\":\"Article\",\"@id\":\"https:\\\/\\\/www.bho-legal.com\\\/fr\\\/konjunkturpaket-ii-und-ruestungsbeschaffung\\\/#article\",\"isPartOf\":{\"@id\":\"https:\\\/\\\/www.bho-legal.com\\\/fr\\\/konjunkturpaket-ii-und-ruestungsbeschaffung\\\/\"},\"author\":{\"name\":\"Dr. Roderic Ortner\",\"@id\":\"https:\\\/\\\/www.bho-legal.com\\\/en\\\/#\\\/schema\\\/person\\\/c596e1470c4ffc23a4248bf54380b509\"},\"headline\":\"Konjunkturpaket II und R\u00fcstungsbeschaffung\",\"datePublished\":\"2009-05-07T11:10:00+00:00\",\"mainEntityOfPage\":{\"@id\":\"https:\\\/\\\/www.bho-legal.com\\\/fr\\\/konjunkturpaket-ii-und-ruestungsbeschaffung\\\/\"},\"wordCount\":72,\"commentCount\":0,\"publisher\":{\"@id\":\"https:\\\/\\\/www.bho-legal.com\\\/en\\\/#organization\"},\"articleSection\":[\"Droit des march\u00e9s publics\",\"S\u00e9curit\u00e9 et d\u00e9fense\"],\"inLanguage\":\"fr-FR\",\"potentialAction\":[{\"@type\":\"CommentAction\",\"name\":\"Comment\",\"target\":[\"https:\\\/\\\/www.bho-legal.com\\\/fr\\\/konjunkturpaket-ii-und-ruestungsbeschaffung\\\/#respond\"]}]},{\"@type\":\"WebPage\",\"@id\":\"https:\\\/\\\/www.bho-legal.com\\\/fr\\\/konjunkturpaket-ii-und-ruestungsbeschaffung\\\/\",\"url\":\"https:\\\/\\\/www.bho-legal.com\\\/fr\\\/konjunkturpaket-ii-und-ruestungsbeschaffung\\\/\",\"name\":\"Konjunkturpaket II und R\u00fcstungsbeschaffung - BHO-Legal\",\"isPartOf\":{\"@id\":\"https:\\\/\\\/www.bho-legal.com\\\/en\\\/#website\"},\"datePublished\":\"2009-05-07T11:10:00+00:00\",\"breadcrumb\":{\"@id\":\"https:\\\/\\\/www.bho-legal.com\\\/fr\\\/konjunkturpaket-ii-und-ruestungsbeschaffung\\\/#breadcrumb\"},\"inLanguage\":\"fr-FR\",\"potentialAction\":[{\"@type\":\"ReadAction\",\"target\":[\"https:\\\/\\\/www.bho-legal.com\\\/fr\\\/konjunkturpaket-ii-und-ruestungsbeschaffung\\\/\"]}]},{\"@type\":\"BreadcrumbList\",\"@id\":\"https:\\\/\\\/www.bho-legal.com\\\/fr\\\/konjunkturpaket-ii-und-ruestungsbeschaffung\\\/#breadcrumb\",\"itemListElement\":[{\"@type\":\"ListItem\",\"position\":1,\"name\":\"Home\",\"item\":\"https:\\\/\\\/www.bho-legal.com\\\/fr\\\/\"},{\"@type\":\"ListItem\",\"position\":2,\"name\":\"Konjunkturpaket II und R\u00fcstungsbeschaffung\"}]},{\"@type\":\"WebSite\",\"@id\":\"https:\\\/\\\/www.bho-legal.com\\\/en\\\/#website\",\"url\":\"https:\\\/\\\/www.bho-legal.com\\\/en\\\/\",\"name\":\"BHO-Legal\",\"description\":\"Rechtsanwaltskanzlei K\u00f6ln M\u00fcnchen\",\"publisher\":{\"@id\":\"https:\\\/\\\/www.bho-legal.com\\\/en\\\/#organization\"},\"potentialAction\":[{\"@type\":\"SearchAction\",\"target\":{\"@type\":\"EntryPoint\",\"urlTemplate\":\"https:\\\/\\\/www.bho-legal.com\\\/en\\\/?s={search_term_string}\"},\"query-input\":{\"@type\":\"PropertyValueSpecification\",\"valueRequired\":true,\"valueName\":\"search_term_string\"}}],\"inLanguage\":\"fr-FR\"},{\"@type\":\"Organization\",\"@id\":\"https:\\\/\\\/www.bho-legal.com\\\/en\\\/#organization\",\"name\":\"BHO Legal\",\"url\":\"https:\\\/\\\/www.bho-legal.com\\\/en\\\/\",\"logo\":{\"@type\":\"ImageObject\",\"inLanguage\":\"fr-FR\",\"@id\":\"https:\\\/\\\/www.bho-legal.com\\\/en\\\/#\\\/schema\\\/logo\\\/image\\\/\",\"url\":\"https:\\\/\\\/www.bho-legal.com\\\/wp-content\\\/uploads\\\/2015\\\/04\\\/logo_BHO_144-1.png\",\"contentUrl\":\"https:\\\/\\\/www.bho-legal.com\\\/wp-content\\\/uploads\\\/2015\\\/04\\\/logo_BHO_144-1.png\",\"width\":144,\"height\":144,\"caption\":\"BHO Legal\"},\"image\":{\"@id\":\"https:\\\/\\\/www.bho-legal.com\\\/en\\\/#\\\/schema\\\/logo\\\/image\\\/\"}},{\"@type\":\"Person\",\"@id\":\"https:\\\/\\\/www.bho-legal.com\\\/en\\\/#\\\/schema\\\/person\\\/c596e1470c4ffc23a4248bf54380b509\",\"name\":\"Dr. Roderic Ortner\",\"image\":{\"@type\":\"ImageObject\",\"inLanguage\":\"fr-FR\",\"@id\":\"https:\\\/\\\/secure.gravatar.com\\\/avatar\\\/c14d24415385bcb4acd2c40bc605018639522ae9c4c61bc389a61eaf74b7e952?s=96&d=mm&r=g\",\"url\":\"https:\\\/\\\/secure.gravatar.com\\\/avatar\\\/c14d24415385bcb4acd2c40bc605018639522ae9c4c61bc389a61eaf74b7e952?s=96&d=mm&r=g\",\"contentUrl\":\"https:\\\/\\\/secure.gravatar.com\\\/avatar\\\/c14d24415385bcb4acd2c40bc605018639522ae9c4c61bc389a61eaf74b7e952?s=96&d=mm&r=g\",\"caption\":\"Dr. Roderic Ortner\"},\"sameAs\":[\"https:\\\/\\\/www.bho-legal.com\"],\"url\":\"https:\\\/\\\/www.bho-legal.com\\\/fr\\\/author\\\/dr-roderic-ortner\\\/\"}]}<\/script>\n<!-- \/ Yoast SEO plugin. -->","yoast_head_json":{"title":"Konjunkturpaket II und R\u00fcstungsbeschaffung - BHO-Legal","robots":{"index":"index","follow":"follow","max-snippet":"max-snippet:-1","max-image-preview":"max-image-preview:large","max-video-preview":"max-video-preview:-1"},"canonical":"https:\/\/www.bho-legal.com\/fr\/konjunkturpaket-ii-und-ruestungsbeschaffung\/","og_locale":"fr_FR","og_type":"article","og_title":"Konjunkturpaket II und R\u00fcstungsbeschaffung - BHO-Legal","og_description":"Die Teilhabe des Bundesministeriums der Verteidigung an dem Konjunkturpaket II erstreckt sich auf die Bereiche Infrastruktur, milit\u00e4rische Beschaffung und Informationstechnik. Dabei ist vorgesehen, f\u00fcr den Bereich Infrastruktur mit einem Volumen in H\u00f6he von 250 Mio. EUR den gr\u00f6\u00dften Anteil der dem Bundesministerium der Verteidigung zur Verf\u00fcgung stehenden Mittel zu verwenden, so Staatssekret\u00e4r Dr. R\u00fcdiger Wolf [&hellip;]","og_url":"https:\/\/www.bho-legal.com\/fr\/konjunkturpaket-ii-und-ruestungsbeschaffung\/","og_site_name":"BHO-Legal","article_published_time":"2009-05-07T11:10:00+00:00","author":"Dr. Roderic Ortner","twitter_card":"summary_large_image","twitter_misc":{"\u00c9crit par":"Dr. Roderic Ortner"},"schema":{"@context":"https:\/\/schema.org","@graph":[{"@type":"Article","@id":"https:\/\/www.bho-legal.com\/fr\/konjunkturpaket-ii-und-ruestungsbeschaffung\/#article","isPartOf":{"@id":"https:\/\/www.bho-legal.com\/fr\/konjunkturpaket-ii-und-ruestungsbeschaffung\/"},"author":{"name":"Dr. Roderic Ortner","@id":"https:\/\/www.bho-legal.com\/en\/#\/schema\/person\/c596e1470c4ffc23a4248bf54380b509"},"headline":"Konjunkturpaket II und R\u00fcstungsbeschaffung","datePublished":"2009-05-07T11:10:00+00:00","mainEntityOfPage":{"@id":"https:\/\/www.bho-legal.com\/fr\/konjunkturpaket-ii-und-ruestungsbeschaffung\/"},"wordCount":72,"commentCount":0,"publisher":{"@id":"https:\/\/www.bho-legal.com\/en\/#organization"},"articleSection":["Droit des march\u00e9s publics","S\u00e9curit\u00e9 et d\u00e9fense"],"inLanguage":"fr-FR","potentialAction":[{"@type":"CommentAction","name":"Comment","target":["https:\/\/www.bho-legal.com\/fr\/konjunkturpaket-ii-und-ruestungsbeschaffung\/#respond"]}]},{"@type":"WebPage","@id":"https:\/\/www.bho-legal.com\/fr\/konjunkturpaket-ii-und-ruestungsbeschaffung\/","url":"https:\/\/www.bho-legal.com\/fr\/konjunkturpaket-ii-und-ruestungsbeschaffung\/","name":"Konjunkturpaket II und R\u00fcstungsbeschaffung - BHO-Legal","isPartOf":{"@id":"https:\/\/www.bho-legal.com\/en\/#website"},"datePublished":"2009-05-07T11:10:00+00:00","breadcrumb":{"@id":"https:\/\/www.bho-legal.com\/fr\/konjunkturpaket-ii-und-ruestungsbeschaffung\/#breadcrumb"},"inLanguage":"fr-FR","potentialAction":[{"@type":"ReadAction","target":["https:\/\/www.bho-legal.com\/fr\/konjunkturpaket-ii-und-ruestungsbeschaffung\/"]}]},{"@type":"BreadcrumbList","@id":"https:\/\/www.bho-legal.com\/fr\/konjunkturpaket-ii-und-ruestungsbeschaffung\/#breadcrumb","itemListElement":[{"@type":"ListItem","position":1,"name":"Home","item":"https:\/\/www.bho-legal.com\/fr\/"},{"@type":"ListItem","position":2,"name":"Konjunkturpaket II und R\u00fcstungsbeschaffung"}]},{"@type":"WebSite","@id":"https:\/\/www.bho-legal.com\/en\/#website","url":"https:\/\/www.bho-legal.com\/en\/","name":"BHO-Legal","description":"Rechtsanwaltskanzlei K\u00f6ln M\u00fcnchen","publisher":{"@id":"https:\/\/www.bho-legal.com\/en\/#organization"},"potentialAction":[{"@type":"SearchAction","target":{"@type":"EntryPoint","urlTemplate":"https:\/\/www.bho-legal.com\/en\/?s={search_term_string}"},"query-input":{"@type":"PropertyValueSpecification","valueRequired":true,"valueName":"search_term_string"}}],"inLanguage":"fr-FR"},{"@type":"Organization","@id":"https:\/\/www.bho-legal.com\/en\/#organization","name":"BHO Legal","url":"https:\/\/www.bho-legal.com\/en\/","logo":{"@type":"ImageObject","inLanguage":"fr-FR","@id":"https:\/\/www.bho-legal.com\/en\/#\/schema\/logo\/image\/","url":"https:\/\/www.bho-legal.com\/wp-content\/uploads\/2015\/04\/logo_BHO_144-1.png","contentUrl":"https:\/\/www.bho-legal.com\/wp-content\/uploads\/2015\/04\/logo_BHO_144-1.png","width":144,"height":144,"caption":"BHO Legal"},"image":{"@id":"https:\/\/www.bho-legal.com\/en\/#\/schema\/logo\/image\/"}},{"@type":"Person","@id":"https:\/\/www.bho-legal.com\/en\/#\/schema\/person\/c596e1470c4ffc23a4248bf54380b509","name":"Dr. Roderic Ortner","image":{"@type":"ImageObject","inLanguage":"fr-FR","@id":"https:\/\/secure.gravatar.com\/avatar\/c14d24415385bcb4acd2c40bc605018639522ae9c4c61bc389a61eaf74b7e952?s=96&d=mm&r=g","url":"https:\/\/secure.gravatar.com\/avatar\/c14d24415385bcb4acd2c40bc605018639522ae9c4c61bc389a61eaf74b7e952?s=96&d=mm&r=g","contentUrl":"https:\/\/secure.gravatar.com\/avatar\/c14d24415385bcb4acd2c40bc605018639522ae9c4c61bc389a61eaf74b7e952?s=96&d=mm&r=g","caption":"Dr. Roderic Ortner"},"sameAs":["https:\/\/www.bho-legal.com"],"url":"https:\/\/www.bho-legal.com\/fr\/author\/dr-roderic-ortner\/"}]}},"_links":{"self":[{"href":"https:\/\/www.bho-legal.com\/fr\/wp-json\/wp\/v2\/posts\/4664","targetHints":{"allow":["GET"]}}],"collection":[{"href":"https:\/\/www.bho-legal.com\/fr\/wp-json\/wp\/v2\/posts"}],"about":[{"href":"https:\/\/www.bho-legal.com\/fr\/wp-json\/wp\/v2\/types\/post"}],"author":[{"embeddable":true,"href":"https:\/\/www.bho-legal.com\/fr\/wp-json\/wp\/v2\/users\/16"}],"replies":[{"embeddable":true,"href":"https:\/\/www.bho-legal.com\/fr\/wp-json\/wp\/v2\/comments?post=4664"}],"version-history":[{"count":0,"href":"https:\/\/www.bho-legal.com\/fr\/wp-json\/wp\/v2\/posts\/4664\/revisions"}],"wp:attachment":[{"href":"https:\/\/www.bho-legal.com\/fr\/wp-json\/wp\/v2\/media?parent=4664"}],"wp:term":[{"taxonomy":"category","embeddable":true,"href":"https:\/\/www.bho-legal.com\/fr\/wp-json\/wp\/v2\/categories?post=4664"},{"taxonomy":"post_tag","embeddable":true,"href":"https:\/\/www.bho-legal.com\/fr\/wp-json\/wp\/v2\/tags?post=4664"}],"curies":[{"name":"wp","href":"https:\/\/api.w.org\/{rel}","templated":true}]}}