{"id":4374,"date":"2012-03-06T17:05:00","date_gmt":"2012-03-06T15:05:00","guid":{"rendered":"https:\/\/www.bho-legal.com\/fr\/horizon-2020-und-der-verteidigungssektor\/"},"modified":"2012-03-06T17:05:00","modified_gmt":"2012-03-06T15:05:00","slug":"horizon-2020-und-der-verteidigungssektor","status":"publish","type":"post","link":"https:\/\/www.bho-legal.com\/fr\/horizon-2020-und-der-verteidigungssektor\/","title":{"rendered":"Horizon 2020 und der Verteidigungssektor"},"content":{"rendered":"<p>Am 28.3.2012 fand in Br\u00fcssel eine von der DTW, dem Land Hessen und der Konrad-Adenauer-Stiftung organisierte Veranstaltung zum Thema EU-Forschungsprogramm Horizon 2020 &#8211; Chancen f\u00fcr den Sicherheits- und Verteidigungssektor? statt. Redner waren unter anderem Herr Dr. Christian Eher, MdEP, Herr Tjien-Khoen Liem vom DG Enterprise sowie Dr. Kruse von Rheinmetall.&nbsp;Der Befund fiel n\u00fcchtern aus: Zwar sei das Gesamtpaket im Vergleich zum FP7 auf \u00fcber 80 Mrd. EUR gestiegen, der Bereich&nbsp;Verteidigung spiele jedoch kaum eine Rolle. Allerdings k\u00f6nne wegen der oft flie\u00dfenden \u00dcberg\u00e4nge&nbsp;des Bereichs Verteidigung in die Bereiche Sicherheit, Forschung und Entwicklung, Weltraum etc. die Verteidigung doch noch zur Geltung gebracht werden. Nahezu Einigkeit bestand darin, dass der Bereich Verteidigung aufgrund der noch zunehmenden asymetrischen Bedrohungsszenarien an Relevanz gewinnen&nbsp;wird, sich dies jedoch&nbsp;nicht im F\u00f6rderprogramm 2020 widerspiegele. Es ist davon auszuhehen, dass das EP den Forschungsetat f\u00fcr&nbsp;Sicherheit auf \u00fcber 2 Mrd. EUR angeben werde. &nbsp;&nbsp;&nbsp;<\/p>\n","protected":false},"excerpt":{"rendered":"<p>Am 28.3.2012 fand in Br\u00fcssel eine von der DTW, dem Land Hessen und der Konrad-Adenauer-Stiftung organisierte Veranstaltung zum Thema EU-Forschungsprogramm Horizon 2020 &#8211; Chancen f\u00fcr den Sicherheits- und Verteidigungssektor? statt. Redner waren unter anderem Herr Dr. Christian Eher, MdEP, Herr Tjien-Khoen Liem vom DG Enterprise sowie Dr. Kruse von Rheinmetall.&nbsp;Der Befund fiel n\u00fcchtern aus: Zwar [&hellip;]<\/p>\n","protected":false},"author":15,"featured_media":0,"comment_status":"open","ping_status":"closed","sticky":false,"template":"","format":"standard","meta":{"footnotes":""},"categories":[88,91],"tags":[111,112],"class_list":["post-4374","post","type-post","status-publish","format-standard","hentry","category-droit_europeen_et_droit_international_public","category-securite-et-defense","tag-fp8-fr","tag-horizon2020-fr"],"yoast_head":"<!-- This site is optimized with the Yoast SEO plugin v28.3 - https:\/\/yoast.com\/product\/yoast-seo-wordpress\/ -->\n<title>Horizon 2020 und der Verteidigungssektor - BHO-Legal<\/title>\n<meta name=\"robots\" content=\"index, follow, max-snippet:-1, max-image-preview:large, max-video-preview:-1\" \/>\n<link rel=\"canonical\" href=\"https:\/\/www.bho-legal.com\/fr\/horizon-2020-und-der-verteidigungssektor\/\" \/>\n<meta property=\"og:locale\" content=\"fr_FR\" \/>\n<meta property=\"og:type\" content=\"article\" \/>\n<meta property=\"og:title\" content=\"Horizon 2020 und der Verteidigungssektor - BHO-Legal\" \/>\n<meta property=\"og:description\" content=\"Am 28.3.2012 fand in Br\u00fcssel eine von der DTW, dem Land Hessen und der Konrad-Adenauer-Stiftung organisierte Veranstaltung zum Thema EU-Forschungsprogramm Horizon 2020 &#8211; Chancen f\u00fcr den Sicherheits- und Verteidigungssektor? statt. Redner waren unter anderem Herr Dr. Christian Eher, MdEP, Herr Tjien-Khoen Liem vom DG Enterprise sowie Dr. Kruse von Rheinmetall.&nbsp;Der Befund fiel n\u00fcchtern aus: Zwar [&hellip;]\" \/>\n<meta property=\"og:url\" content=\"https:\/\/www.bho-legal.com\/fr\/horizon-2020-und-der-verteidigungssektor\/\" \/>\n<meta property=\"og:site_name\" content=\"BHO-Legal\" \/>\n<meta property=\"article:published_time\" content=\"2012-03-06T15:05:00+00:00\" \/>\n<meta name=\"author\" content=\"Gerhard Deiters\" \/>\n<meta name=\"twitter:card\" content=\"summary_large_image\" \/>\n<meta name=\"twitter:label1\" content=\"\u00c9crit par\" \/>\n\t<meta name=\"twitter:data1\" content=\"Gerhard Deiters\" \/>\n\t<meta name=\"twitter:label2\" content=\"Dur\u00e9e de lecture estim\u00e9e\" \/>\n\t<meta name=\"twitter:data2\" content=\"1 minute\" \/>\n<script type=\"application\/ld+json\" class=\"yoast-schema-graph\">{\"@context\":\"https:\\\/\\\/schema.org\",\"@graph\":[{\"@type\":\"Article\",\"@id\":\"https:\\\/\\\/www.bho-legal.com\\\/fr\\\/horizon-2020-und-der-verteidigungssektor\\\/#article\",\"isPartOf\":{\"@id\":\"https:\\\/\\\/www.bho-legal.com\\\/fr\\\/horizon-2020-und-der-verteidigungssektor\\\/\"},\"author\":{\"name\":\"Gerhard Deiters\",\"@id\":\"https:\\\/\\\/www.bho-legal.com\\\/en\\\/#\\\/schema\\\/person\\\/6b784799345be33a0907196025aec4e5\"},\"headline\":\"Horizon 2020 und der Verteidigungssektor\",\"datePublished\":\"2012-03-06T15:05:00+00:00\",\"mainEntityOfPage\":{\"@id\":\"https:\\\/\\\/www.bho-legal.com\\\/fr\\\/horizon-2020-und-der-verteidigungssektor\\\/\"},\"wordCount\":164,\"commentCount\":0,\"publisher\":{\"@id\":\"https:\\\/\\\/www.bho-legal.com\\\/en\\\/#organization\"},\"keywords\":[\"FP8\",\"Horizon2020\"],\"articleSection\":[\"Droit europ\u00e9en et droit international public\",\"S\u00e9curit\u00e9 et d\u00e9fense\"],\"inLanguage\":\"fr-FR\",\"potentialAction\":[{\"@type\":\"CommentAction\",\"name\":\"Comment\",\"target\":[\"https:\\\/\\\/www.bho-legal.com\\\/fr\\\/horizon-2020-und-der-verteidigungssektor\\\/#respond\"]}]},{\"@type\":\"WebPage\",\"@id\":\"https:\\\/\\\/www.bho-legal.com\\\/fr\\\/horizon-2020-und-der-verteidigungssektor\\\/\",\"url\":\"https:\\\/\\\/www.bho-legal.com\\\/fr\\\/horizon-2020-und-der-verteidigungssektor\\\/\",\"name\":\"Horizon 2020 und der Verteidigungssektor - BHO-Legal\",\"isPartOf\":{\"@id\":\"https:\\\/\\\/www.bho-legal.com\\\/en\\\/#website\"},\"datePublished\":\"2012-03-06T15:05:00+00:00\",\"breadcrumb\":{\"@id\":\"https:\\\/\\\/www.bho-legal.com\\\/fr\\\/horizon-2020-und-der-verteidigungssektor\\\/#breadcrumb\"},\"inLanguage\":\"fr-FR\",\"potentialAction\":[{\"@type\":\"ReadAction\",\"target\":[\"https:\\\/\\\/www.bho-legal.com\\\/fr\\\/horizon-2020-und-der-verteidigungssektor\\\/\"]}]},{\"@type\":\"BreadcrumbList\",\"@id\":\"https:\\\/\\\/www.bho-legal.com\\\/fr\\\/horizon-2020-und-der-verteidigungssektor\\\/#breadcrumb\",\"itemListElement\":[{\"@type\":\"ListItem\",\"position\":1,\"name\":\"Home\",\"item\":\"https:\\\/\\\/www.bho-legal.com\\\/fr\\\/\"},{\"@type\":\"ListItem\",\"position\":2,\"name\":\"Horizon 2020 und der Verteidigungssektor\"}]},{\"@type\":\"WebSite\",\"@id\":\"https:\\\/\\\/www.bho-legal.com\\\/en\\\/#website\",\"url\":\"https:\\\/\\\/www.bho-legal.com\\\/en\\\/\",\"name\":\"BHO-Legal\",\"description\":\"Rechtsanwaltskanzlei K\u00f6ln M\u00fcnchen\",\"publisher\":{\"@id\":\"https:\\\/\\\/www.bho-legal.com\\\/en\\\/#organization\"},\"potentialAction\":[{\"@type\":\"SearchAction\",\"target\":{\"@type\":\"EntryPoint\",\"urlTemplate\":\"https:\\\/\\\/www.bho-legal.com\\\/en\\\/?s={search_term_string}\"},\"query-input\":{\"@type\":\"PropertyValueSpecification\",\"valueRequired\":true,\"valueName\":\"search_term_string\"}}],\"inLanguage\":\"fr-FR\"},{\"@type\":\"Organization\",\"@id\":\"https:\\\/\\\/www.bho-legal.com\\\/en\\\/#organization\",\"name\":\"BHO Legal\",\"url\":\"https:\\\/\\\/www.bho-legal.com\\\/en\\\/\",\"logo\":{\"@type\":\"ImageObject\",\"inLanguage\":\"fr-FR\",\"@id\":\"https:\\\/\\\/www.bho-legal.com\\\/en\\\/#\\\/schema\\\/logo\\\/image\\\/\",\"url\":\"https:\\\/\\\/www.bho-legal.com\\\/wp-content\\\/uploads\\\/2015\\\/04\\\/logo_BHO_144-1.png\",\"contentUrl\":\"https:\\\/\\\/www.bho-legal.com\\\/wp-content\\\/uploads\\\/2015\\\/04\\\/logo_BHO_144-1.png\",\"width\":144,\"height\":144,\"caption\":\"BHO Legal\"},\"image\":{\"@id\":\"https:\\\/\\\/www.bho-legal.com\\\/en\\\/#\\\/schema\\\/logo\\\/image\\\/\"}},{\"@type\":\"Person\",\"@id\":\"https:\\\/\\\/www.bho-legal.com\\\/en\\\/#\\\/schema\\\/person\\\/6b784799345be33a0907196025aec4e5\",\"name\":\"Gerhard Deiters\",\"image\":{\"@type\":\"ImageObject\",\"inLanguage\":\"fr-FR\",\"@id\":\"https:\\\/\\\/secure.gravatar.com\\\/avatar\\\/5f3278ea09fc4f539cdbe00805294bdfcc868ded5bd1ab5b6fc65d10a4362396?s=96&d=mm&r=g\",\"url\":\"https:\\\/\\\/secure.gravatar.com\\\/avatar\\\/5f3278ea09fc4f539cdbe00805294bdfcc868ded5bd1ab5b6fc65d10a4362396?s=96&d=mm&r=g\",\"contentUrl\":\"https:\\\/\\\/secure.gravatar.com\\\/avatar\\\/5f3278ea09fc4f539cdbe00805294bdfcc868ded5bd1ab5b6fc65d10a4362396?s=96&d=mm&r=g\",\"caption\":\"Gerhard Deiters\"},\"url\":\"https:\\\/\\\/www.bho-legal.com\\\/fr\\\/author\\\/gerhard\\\/\"}]}<\/script>\n<!-- \/ Yoast SEO plugin. -->","yoast_head_json":{"title":"Horizon 2020 und der Verteidigungssektor - BHO-Legal","robots":{"index":"index","follow":"follow","max-snippet":"max-snippet:-1","max-image-preview":"max-image-preview:large","max-video-preview":"max-video-preview:-1"},"canonical":"https:\/\/www.bho-legal.com\/fr\/horizon-2020-und-der-verteidigungssektor\/","og_locale":"fr_FR","og_type":"article","og_title":"Horizon 2020 und der Verteidigungssektor - BHO-Legal","og_description":"Am 28.3.2012 fand in Br\u00fcssel eine von der DTW, dem Land Hessen und der Konrad-Adenauer-Stiftung organisierte Veranstaltung zum Thema EU-Forschungsprogramm Horizon 2020 &#8211; Chancen f\u00fcr den Sicherheits- und Verteidigungssektor? statt. Redner waren unter anderem Herr Dr. Christian Eher, MdEP, Herr Tjien-Khoen Liem vom DG Enterprise sowie Dr. Kruse von Rheinmetall.&nbsp;Der Befund fiel n\u00fcchtern aus: Zwar [&hellip;]","og_url":"https:\/\/www.bho-legal.com\/fr\/horizon-2020-und-der-verteidigungssektor\/","og_site_name":"BHO-Legal","article_published_time":"2012-03-06T15:05:00+00:00","author":"Gerhard Deiters","twitter_card":"summary_large_image","twitter_misc":{"\u00c9crit par":"Gerhard Deiters","Dur\u00e9e de lecture estim\u00e9e":"1 minute"},"schema":{"@context":"https:\/\/schema.org","@graph":[{"@type":"Article","@id":"https:\/\/www.bho-legal.com\/fr\/horizon-2020-und-der-verteidigungssektor\/#article","isPartOf":{"@id":"https:\/\/www.bho-legal.com\/fr\/horizon-2020-und-der-verteidigungssektor\/"},"author":{"name":"Gerhard Deiters","@id":"https:\/\/www.bho-legal.com\/en\/#\/schema\/person\/6b784799345be33a0907196025aec4e5"},"headline":"Horizon 2020 und der Verteidigungssektor","datePublished":"2012-03-06T15:05:00+00:00","mainEntityOfPage":{"@id":"https:\/\/www.bho-legal.com\/fr\/horizon-2020-und-der-verteidigungssektor\/"},"wordCount":164,"commentCount":0,"publisher":{"@id":"https:\/\/www.bho-legal.com\/en\/#organization"},"keywords":["FP8","Horizon2020"],"articleSection":["Droit europ\u00e9en et droit international public","S\u00e9curit\u00e9 et d\u00e9fense"],"inLanguage":"fr-FR","potentialAction":[{"@type":"CommentAction","name":"Comment","target":["https:\/\/www.bho-legal.com\/fr\/horizon-2020-und-der-verteidigungssektor\/#respond"]}]},{"@type":"WebPage","@id":"https:\/\/www.bho-legal.com\/fr\/horizon-2020-und-der-verteidigungssektor\/","url":"https:\/\/www.bho-legal.com\/fr\/horizon-2020-und-der-verteidigungssektor\/","name":"Horizon 2020 und der Verteidigungssektor - BHO-Legal","isPartOf":{"@id":"https:\/\/www.bho-legal.com\/en\/#website"},"datePublished":"2012-03-06T15:05:00+00:00","breadcrumb":{"@id":"https:\/\/www.bho-legal.com\/fr\/horizon-2020-und-der-verteidigungssektor\/#breadcrumb"},"inLanguage":"fr-FR","potentialAction":[{"@type":"ReadAction","target":["https:\/\/www.bho-legal.com\/fr\/horizon-2020-und-der-verteidigungssektor\/"]}]},{"@type":"BreadcrumbList","@id":"https:\/\/www.bho-legal.com\/fr\/horizon-2020-und-der-verteidigungssektor\/#breadcrumb","itemListElement":[{"@type":"ListItem","position":1,"name":"Home","item":"https:\/\/www.bho-legal.com\/fr\/"},{"@type":"ListItem","position":2,"name":"Horizon 2020 und der Verteidigungssektor"}]},{"@type":"WebSite","@id":"https:\/\/www.bho-legal.com\/en\/#website","url":"https:\/\/www.bho-legal.com\/en\/","name":"BHO-Legal","description":"Rechtsanwaltskanzlei K\u00f6ln M\u00fcnchen","publisher":{"@id":"https:\/\/www.bho-legal.com\/en\/#organization"},"potentialAction":[{"@type":"SearchAction","target":{"@type":"EntryPoint","urlTemplate":"https:\/\/www.bho-legal.com\/en\/?s={search_term_string}"},"query-input":{"@type":"PropertyValueSpecification","valueRequired":true,"valueName":"search_term_string"}}],"inLanguage":"fr-FR"},{"@type":"Organization","@id":"https:\/\/www.bho-legal.com\/en\/#organization","name":"BHO Legal","url":"https:\/\/www.bho-legal.com\/en\/","logo":{"@type":"ImageObject","inLanguage":"fr-FR","@id":"https:\/\/www.bho-legal.com\/en\/#\/schema\/logo\/image\/","url":"https:\/\/www.bho-legal.com\/wp-content\/uploads\/2015\/04\/logo_BHO_144-1.png","contentUrl":"https:\/\/www.bho-legal.com\/wp-content\/uploads\/2015\/04\/logo_BHO_144-1.png","width":144,"height":144,"caption":"BHO Legal"},"image":{"@id":"https:\/\/www.bho-legal.com\/en\/#\/schema\/logo\/image\/"}},{"@type":"Person","@id":"https:\/\/www.bho-legal.com\/en\/#\/schema\/person\/6b784799345be33a0907196025aec4e5","name":"Gerhard Deiters","image":{"@type":"ImageObject","inLanguage":"fr-FR","@id":"https:\/\/secure.gravatar.com\/avatar\/5f3278ea09fc4f539cdbe00805294bdfcc868ded5bd1ab5b6fc65d10a4362396?s=96&d=mm&r=g","url":"https:\/\/secure.gravatar.com\/avatar\/5f3278ea09fc4f539cdbe00805294bdfcc868ded5bd1ab5b6fc65d10a4362396?s=96&d=mm&r=g","contentUrl":"https:\/\/secure.gravatar.com\/avatar\/5f3278ea09fc4f539cdbe00805294bdfcc868ded5bd1ab5b6fc65d10a4362396?s=96&d=mm&r=g","caption":"Gerhard Deiters"},"url":"https:\/\/www.bho-legal.com\/fr\/author\/gerhard\/"}]}},"_links":{"self":[{"href":"https:\/\/www.bho-legal.com\/fr\/wp-json\/wp\/v2\/posts\/4374","targetHints":{"allow":["GET"]}}],"collection":[{"href":"https:\/\/www.bho-legal.com\/fr\/wp-json\/wp\/v2\/posts"}],"about":[{"href":"https:\/\/www.bho-legal.com\/fr\/wp-json\/wp\/v2\/types\/post"}],"author":[{"embeddable":true,"href":"https:\/\/www.bho-legal.com\/fr\/wp-json\/wp\/v2\/users\/15"}],"replies":[{"embeddable":true,"href":"https:\/\/www.bho-legal.com\/fr\/wp-json\/wp\/v2\/comments?post=4374"}],"version-history":[{"count":0,"href":"https:\/\/www.bho-legal.com\/fr\/wp-json\/wp\/v2\/posts\/4374\/revisions"}],"wp:attachment":[{"href":"https:\/\/www.bho-legal.com\/fr\/wp-json\/wp\/v2\/media?parent=4374"}],"wp:term":[{"taxonomy":"category","embeddable":true,"href":"https:\/\/www.bho-legal.com\/fr\/wp-json\/wp\/v2\/categories?post=4374"},{"taxonomy":"post_tag","embeddable":true,"href":"https:\/\/www.bho-legal.com\/fr\/wp-json\/wp\/v2\/tags?post=4374"}],"curies":[{"name":"wp","href":"https:\/\/api.w.org\/{rel}","templated":true}]}}