{"id":2286,"date":"2009-04-17T17:38:00","date_gmt":"2009-04-17T15:38:00","guid":{"rendered":"https:\/\/www.bho-law.com\/wissenschaftsministerium-baden-wuerttemberg-foerdert-it-projekte\/"},"modified":"2015-07-16T22:45:39","modified_gmt":"2015-07-16T20:45:39","slug":"wissenschaftsministerium-baden-wuerttemberg-foerdert-it-projekte","status":"publish","type":"post","link":"https:\/\/www.bho-legal.com\/en\/wissenschaftsministerium-baden-wuerttemberg-foerdert-it-projekte\/","title":{"rendered":"Wissenschaftsministerium Baden-W\u00fcrttemberg f\u00f6rdert IT-Projekte"},"content":{"rendered":"<p style=\"margin: 0cm 0cm 0pt; line-height: normal; mso-layout-grid-align: none;\" class=\"MsoNormal\"><span style=\"font-size: 10pt; mso-ansi-language: DE; mso-bidi-font-family: Arial; mso-bidi-language: AR-SA; mso-ascii-font-family: 'Franklin Gothic Book'; mso-ascii-theme-font: major-latin; mso-hansi-font-family: 'Franklin Gothic Book'; mso-hansi-theme-font: major-latin;\"><span style=\"font-family: Franklin Gothic Book;\">Seit dem 1. April f\u00f6rdert das Wissenschaftsministerium von Baden-W\u00fcrttemberg zwei neue Projekte im Forschungsverbund Unternehmenssoftware. Wie Wissenschaftsminister Frankenberg am 14. April in Stuttgart bekannt gab, setzt das Land in einer zweiten Tranche des Programms in den n\u00e4chsten drei Jahren insgesamt rund 2,3 Mio. Euro ein.<\/span><\/span><\/p>\n<p style=\"margin: 0cm 0cm 0pt; line-height: normal; mso-layout-grid-align: none;\" class=\"MsoNormal\"><span style=\"font-size: 10pt; mso-ansi-language: DE; mso-bidi-font-family: Arial; mso-bidi-language: AR-SA; mso-ascii-font-family: 'Franklin Gothic Book'; mso-ascii-theme-font: major-latin; mso-hansi-font-family: 'Franklin Gothic Book'; mso-hansi-theme-font: major-latin;\"><span style=\"font-family: Franklin Gothic Book;\">\u00a0<\/span><\/span><\/p>\n<p style=\"margin: 0cm 0cm 0pt; line-height: normal; mso-layout-grid-align: none;\" class=\"MsoNormal\"><span style=\"font-size: 10pt; mso-ansi-language: DE; mso-bidi-font-family: Arial; mso-bidi-language: AR-SA; mso-ascii-font-family: 'Franklin Gothic Book'; mso-ascii-theme-font: major-latin; mso-hansi-font-family: 'Franklin Gothic Book'; mso-hansi-theme-font: major-latin;\"><span style=\"font-family: Franklin Gothic Book;\">Am Projekt GlobaliSE beteiligt ist das Karlsruher Forschungszentrum Informatik und die Universit\u00e4ten Karlsruhe und Mannheim. Ziel ist die Entwicklung von Methoden und Werkzeugen zur Unterst\u00fctzung der mittelst\u00e4ndischen Softwareindustrie. Das Projekt erh\u00e4lt vom Land 1,4 Mio. Euro F\u00f6rdermittel. <\/span><\/span><\/p>\n<p style=\"margin: 0cm 0cm 0pt; line-height: normal; mso-layout-grid-align: none;\" class=\"MsoNormal\"><span style=\"font-size: 10pt; mso-ansi-language: DE; mso-bidi-font-family: Arial; mso-bidi-language: AR-SA; mso-ascii-font-family: 'Franklin Gothic Book'; mso-ascii-theme-font: major-latin; mso-hansi-font-family: 'Franklin Gothic Book'; mso-hansi-theme-font: major-latin;\"><span style=\"font-family: Franklin Gothic Book;\">\u00a0<\/span><\/span><\/p>\n<p style=\"margin: 0cm 0cm 0pt; line-height: normal; mso-layout-grid-align: none;\" class=\"MsoNormal\"><span style=\"font-size: 10pt; mso-ansi-language: DE; mso-bidi-font-family: Arial; mso-bidi-language: AR-SA; mso-ascii-font-family: 'Franklin Gothic Book'; mso-ascii-theme-font: major-latin; mso-hansi-font-family: 'Franklin Gothic Book'; mso-hansi-theme-font: major-latin;\"><span style=\"font-family: Franklin Gothic Book;\">Am Projekt Salomo arbeiten Rechtwissenschaftler und Informatiker der Universit\u00e4ten Freiburg und Mannheim. Herbei sollen technischer Werkzeuge entwickelt werden, mit denen Software automatisiert auf die Einhaltung vereinbarter Eigenschaften getestet werden kann. Das Projekt wird mit 0,9 Mio. Euro Landesmitteln gef\u00f6rdert. <\/span><\/span><\/p>\n<p style=\"margin: 0cm 0cm 0pt; line-height: normal; mso-layout-grid-align: none;\" class=\"MsoNormal\"><span style=\"font-size: 10pt; mso-ansi-language: DE; mso-bidi-font-family: Arial; mso-bidi-language: AR-SA; mso-ascii-font-family: 'Franklin Gothic Book'; mso-ascii-theme-font: major-latin; mso-hansi-font-family: 'Franklin Gothic Book'; mso-hansi-theme-font: major-latin;\"><span style=\"font-family: Franklin Gothic Book;\">\u00a0<\/span><\/span><\/p>\n<p style=\"margin: 0cm 0cm 0pt; line-height: normal; mso-layout-grid-align: none;\" class=\"MsoNormal\"><span style=\"font-size: 10pt; mso-ansi-language: DE; mso-bidi-font-family: Arial; mso-bidi-language: AR-SA; mso-ascii-font-family: 'Franklin Gothic Book'; mso-ascii-theme-font: major-latin; mso-hansi-font-family: 'Franklin Gothic Book'; mso-hansi-theme-font: major-latin;\"><span style=\"font-family: Franklin Gothic Book;\">Um die die Praxisrelevanz der Forschungsergebnisse zu verbessern, sollen beide Projekte von Unternehmen begleitet werden. \u00d6ffentliche Statuskolloquien sollen f\u00fcr den Technologie- und Wissenstransfer in die Wirtschaft sorgen. <\/span><\/span><\/p>\n","protected":false},"excerpt":{"rendered":"<p>Seit dem 1. April f\u00f6rdert das Wissenschaftsministerium von Baden-W\u00fcrttemberg zwei neue Projekte im Forschungsverbund Unternehmenssoftware. Wie Wissenschaftsminister Frankenberg am 14. April in Stuttgart bekannt gab, setzt das Land in einer zweiten Tranche des Programms in den n\u00e4chsten drei Jahren insgesamt rund 2,3 Mio. Euro ein. \u00a0 Am Projekt GlobaliSE beteiligt ist das Karlsruher Forschungszentrum Informatik [&hellip;]<\/p>\n","protected":false},"author":16,"featured_media":0,"comment_status":"open","ping_status":"closed","sticky":false,"template":"","format":"standard","meta":{"footnotes":""},"categories":[35],"tags":[],"class_list":["post-2286","post","type-post","status-publish","format-standard","hentry","category-it_recht_telekommunikationsrecht_und_frequenzregulierung"],"yoast_head":"<!-- This site is optimized with the Yoast SEO plugin v28.3 - https:\/\/yoast.com\/product\/yoast-seo-wordpress\/ -->\n<title>Wissenschaftsministerium Baden-W\u00fcrttemberg f\u00f6rdert IT-Projekte - BHO-Legal<\/title>\n<meta name=\"robots\" content=\"index, follow, max-snippet:-1, max-image-preview:large, max-video-preview:-1\" \/>\n<link rel=\"canonical\" href=\"https:\/\/www.bho-legal.com\/en\/wissenschaftsministerium-baden-wuerttemberg-foerdert-it-projekte\/\" \/>\n<meta property=\"og:locale\" content=\"en_US\" \/>\n<meta property=\"og:type\" content=\"article\" \/>\n<meta property=\"og:title\" content=\"Wissenschaftsministerium Baden-W\u00fcrttemberg f\u00f6rdert IT-Projekte - BHO-Legal\" \/>\n<meta property=\"og:description\" content=\"Seit dem 1. April f\u00f6rdert das Wissenschaftsministerium von Baden-W\u00fcrttemberg zwei neue Projekte im Forschungsverbund Unternehmenssoftware. Wie Wissenschaftsminister Frankenberg am 14. April in Stuttgart bekannt gab, setzt das Land in einer zweiten Tranche des Programms in den n\u00e4chsten drei Jahren insgesamt rund 2,3 Mio. Euro ein. \u00a0 Am Projekt GlobaliSE beteiligt ist das Karlsruher Forschungszentrum Informatik [&hellip;]\" \/>\n<meta property=\"og:url\" content=\"https:\/\/www.bho-legal.com\/en\/wissenschaftsministerium-baden-wuerttemberg-foerdert-it-projekte\/\" \/>\n<meta property=\"og:site_name\" content=\"BHO-Legal\" \/>\n<meta property=\"article:published_time\" content=\"2009-04-17T15:38:00+00:00\" \/>\n<meta property=\"article:modified_time\" content=\"2015-07-16T20:45:39+00:00\" \/>\n<meta name=\"author\" content=\"Dr. Roderic Ortner\" \/>\n<meta name=\"twitter:card\" content=\"summary_large_image\" \/>\n<meta name=\"twitter:label1\" content=\"Written by\" \/>\n\t<meta name=\"twitter:data1\" content=\"Dr. Roderic Ortner\" \/>\n\t<meta name=\"twitter:label2\" content=\"Est. reading time\" \/>\n\t<meta name=\"twitter:data2\" content=\"1 minute\" \/>\n<script type=\"application\/ld+json\" class=\"yoast-schema-graph\">{\"@context\":\"https:\\\/\\\/schema.org\",\"@graph\":[{\"@type\":\"Article\",\"@id\":\"https:\\\/\\\/www.bho-legal.com\\\/en\\\/wissenschaftsministerium-baden-wuerttemberg-foerdert-it-projekte\\\/#article\",\"isPartOf\":{\"@id\":\"https:\\\/\\\/www.bho-legal.com\\\/en\\\/wissenschaftsministerium-baden-wuerttemberg-foerdert-it-projekte\\\/\"},\"author\":{\"name\":\"Dr. Roderic Ortner\",\"@id\":\"https:\\\/\\\/www.bho-legal.com\\\/en\\\/#\\\/schema\\\/person\\\/c596e1470c4ffc23a4248bf54380b509\"},\"headline\":\"Wissenschaftsministerium Baden-W\u00fcrttemberg f\u00f6rdert IT-Projekte\",\"datePublished\":\"2009-04-17T15:38:00+00:00\",\"dateModified\":\"2015-07-16T20:45:39+00:00\",\"mainEntityOfPage\":{\"@id\":\"https:\\\/\\\/www.bho-legal.com\\\/en\\\/wissenschaftsministerium-baden-wuerttemberg-foerdert-it-projekte\\\/\"},\"wordCount\":160,\"commentCount\":0,\"publisher\":{\"@id\":\"https:\\\/\\\/www.bho-legal.com\\\/en\\\/#organization\"},\"articleSection\":[\"IT- Recht, Telekommunikationsrecht und Frequenzregulierung\"],\"inLanguage\":\"en-US\",\"potentialAction\":[{\"@type\":\"CommentAction\",\"name\":\"Comment\",\"target\":[\"https:\\\/\\\/www.bho-legal.com\\\/en\\\/wissenschaftsministerium-baden-wuerttemberg-foerdert-it-projekte\\\/#respond\"]}]},{\"@type\":\"WebPage\",\"@id\":\"https:\\\/\\\/www.bho-legal.com\\\/en\\\/wissenschaftsministerium-baden-wuerttemberg-foerdert-it-projekte\\\/\",\"url\":\"https:\\\/\\\/www.bho-legal.com\\\/en\\\/wissenschaftsministerium-baden-wuerttemberg-foerdert-it-projekte\\\/\",\"name\":\"Wissenschaftsministerium Baden-W\u00fcrttemberg f\u00f6rdert IT-Projekte - BHO-Legal\",\"isPartOf\":{\"@id\":\"https:\\\/\\\/www.bho-legal.com\\\/en\\\/#website\"},\"datePublished\":\"2009-04-17T15:38:00+00:00\",\"dateModified\":\"2015-07-16T20:45:39+00:00\",\"breadcrumb\":{\"@id\":\"https:\\\/\\\/www.bho-legal.com\\\/en\\\/wissenschaftsministerium-baden-wuerttemberg-foerdert-it-projekte\\\/#breadcrumb\"},\"inLanguage\":\"en-US\",\"potentialAction\":[{\"@type\":\"ReadAction\",\"target\":[\"https:\\\/\\\/www.bho-legal.com\\\/en\\\/wissenschaftsministerium-baden-wuerttemberg-foerdert-it-projekte\\\/\"]}]},{\"@type\":\"BreadcrumbList\",\"@id\":\"https:\\\/\\\/www.bho-legal.com\\\/en\\\/wissenschaftsministerium-baden-wuerttemberg-foerdert-it-projekte\\\/#breadcrumb\",\"itemListElement\":[{\"@type\":\"ListItem\",\"position\":1,\"name\":\"Home\",\"item\":\"https:\\\/\\\/www.bho-legal.com\\\/en\\\/\"},{\"@type\":\"ListItem\",\"position\":2,\"name\":\"Wissenschaftsministerium Baden-W\u00fcrttemberg f\u00f6rdert IT-Projekte\"}]},{\"@type\":\"WebSite\",\"@id\":\"https:\\\/\\\/www.bho-legal.com\\\/en\\\/#website\",\"url\":\"https:\\\/\\\/www.bho-legal.com\\\/en\\\/\",\"name\":\"BHO-Legal\",\"description\":\"Rechtsanwaltskanzlei K\u00f6ln M\u00fcnchen\",\"publisher\":{\"@id\":\"https:\\\/\\\/www.bho-legal.com\\\/en\\\/#organization\"},\"potentialAction\":[{\"@type\":\"SearchAction\",\"target\":{\"@type\":\"EntryPoint\",\"urlTemplate\":\"https:\\\/\\\/www.bho-legal.com\\\/en\\\/?s={search_term_string}\"},\"query-input\":{\"@type\":\"PropertyValueSpecification\",\"valueRequired\":true,\"valueName\":\"search_term_string\"}}],\"inLanguage\":\"en-US\"},{\"@type\":\"Organization\",\"@id\":\"https:\\\/\\\/www.bho-legal.com\\\/en\\\/#organization\",\"name\":\"BHO Legal\",\"url\":\"https:\\\/\\\/www.bho-legal.com\\\/en\\\/\",\"logo\":{\"@type\":\"ImageObject\",\"inLanguage\":\"en-US\",\"@id\":\"https:\\\/\\\/www.bho-legal.com\\\/en\\\/#\\\/schema\\\/logo\\\/image\\\/\",\"url\":\"https:\\\/\\\/www.bho-legal.com\\\/wp-content\\\/uploads\\\/2015\\\/04\\\/logo_BHO_144-1.png\",\"contentUrl\":\"https:\\\/\\\/www.bho-legal.com\\\/wp-content\\\/uploads\\\/2015\\\/04\\\/logo_BHO_144-1.png\",\"width\":144,\"height\":144,\"caption\":\"BHO Legal\"},\"image\":{\"@id\":\"https:\\\/\\\/www.bho-legal.com\\\/en\\\/#\\\/schema\\\/logo\\\/image\\\/\"}},{\"@type\":\"Person\",\"@id\":\"https:\\\/\\\/www.bho-legal.com\\\/en\\\/#\\\/schema\\\/person\\\/c596e1470c4ffc23a4248bf54380b509\",\"name\":\"Dr. Roderic Ortner\",\"image\":{\"@type\":\"ImageObject\",\"inLanguage\":\"en-US\",\"@id\":\"https:\\\/\\\/secure.gravatar.com\\\/avatar\\\/c14d24415385bcb4acd2c40bc605018639522ae9c4c61bc389a61eaf74b7e952?s=96&d=mm&r=g\",\"url\":\"https:\\\/\\\/secure.gravatar.com\\\/avatar\\\/c14d24415385bcb4acd2c40bc605018639522ae9c4c61bc389a61eaf74b7e952?s=96&d=mm&r=g\",\"contentUrl\":\"https:\\\/\\\/secure.gravatar.com\\\/avatar\\\/c14d24415385bcb4acd2c40bc605018639522ae9c4c61bc389a61eaf74b7e952?s=96&d=mm&r=g\",\"caption\":\"Dr. Roderic Ortner\"},\"sameAs\":[\"https:\\\/\\\/www.bho-legal.com\"],\"url\":\"https:\\\/\\\/www.bho-legal.com\\\/en\\\/author\\\/dr-roderic-ortner\\\/\"}]}<\/script>\n<!-- \/ Yoast SEO plugin. -->","yoast_head_json":{"title":"Wissenschaftsministerium Baden-W\u00fcrttemberg f\u00f6rdert IT-Projekte - BHO-Legal","robots":{"index":"index","follow":"follow","max-snippet":"max-snippet:-1","max-image-preview":"max-image-preview:large","max-video-preview":"max-video-preview:-1"},"canonical":"https:\/\/www.bho-legal.com\/en\/wissenschaftsministerium-baden-wuerttemberg-foerdert-it-projekte\/","og_locale":"en_US","og_type":"article","og_title":"Wissenschaftsministerium Baden-W\u00fcrttemberg f\u00f6rdert IT-Projekte - BHO-Legal","og_description":"Seit dem 1. April f\u00f6rdert das Wissenschaftsministerium von Baden-W\u00fcrttemberg zwei neue Projekte im Forschungsverbund Unternehmenssoftware. Wie Wissenschaftsminister Frankenberg am 14. April in Stuttgart bekannt gab, setzt das Land in einer zweiten Tranche des Programms in den n\u00e4chsten drei Jahren insgesamt rund 2,3 Mio. Euro ein. \u00a0 Am Projekt GlobaliSE beteiligt ist das Karlsruher Forschungszentrum Informatik [&hellip;]","og_url":"https:\/\/www.bho-legal.com\/en\/wissenschaftsministerium-baden-wuerttemberg-foerdert-it-projekte\/","og_site_name":"BHO-Legal","article_published_time":"2009-04-17T15:38:00+00:00","article_modified_time":"2015-07-16T20:45:39+00:00","author":"Dr. Roderic Ortner","twitter_card":"summary_large_image","twitter_misc":{"Written by":"Dr. Roderic Ortner","Est. reading time":"1 minute"},"schema":{"@context":"https:\/\/schema.org","@graph":[{"@type":"Article","@id":"https:\/\/www.bho-legal.com\/en\/wissenschaftsministerium-baden-wuerttemberg-foerdert-it-projekte\/#article","isPartOf":{"@id":"https:\/\/www.bho-legal.com\/en\/wissenschaftsministerium-baden-wuerttemberg-foerdert-it-projekte\/"},"author":{"name":"Dr. Roderic Ortner","@id":"https:\/\/www.bho-legal.com\/en\/#\/schema\/person\/c596e1470c4ffc23a4248bf54380b509"},"headline":"Wissenschaftsministerium Baden-W\u00fcrttemberg f\u00f6rdert IT-Projekte","datePublished":"2009-04-17T15:38:00+00:00","dateModified":"2015-07-16T20:45:39+00:00","mainEntityOfPage":{"@id":"https:\/\/www.bho-legal.com\/en\/wissenschaftsministerium-baden-wuerttemberg-foerdert-it-projekte\/"},"wordCount":160,"commentCount":0,"publisher":{"@id":"https:\/\/www.bho-legal.com\/en\/#organization"},"articleSection":["IT- Recht, Telekommunikationsrecht und Frequenzregulierung"],"inLanguage":"en-US","potentialAction":[{"@type":"CommentAction","name":"Comment","target":["https:\/\/www.bho-legal.com\/en\/wissenschaftsministerium-baden-wuerttemberg-foerdert-it-projekte\/#respond"]}]},{"@type":"WebPage","@id":"https:\/\/www.bho-legal.com\/en\/wissenschaftsministerium-baden-wuerttemberg-foerdert-it-projekte\/","url":"https:\/\/www.bho-legal.com\/en\/wissenschaftsministerium-baden-wuerttemberg-foerdert-it-projekte\/","name":"Wissenschaftsministerium Baden-W\u00fcrttemberg f\u00f6rdert IT-Projekte - BHO-Legal","isPartOf":{"@id":"https:\/\/www.bho-legal.com\/en\/#website"},"datePublished":"2009-04-17T15:38:00+00:00","dateModified":"2015-07-16T20:45:39+00:00","breadcrumb":{"@id":"https:\/\/www.bho-legal.com\/en\/wissenschaftsministerium-baden-wuerttemberg-foerdert-it-projekte\/#breadcrumb"},"inLanguage":"en-US","potentialAction":[{"@type":"ReadAction","target":["https:\/\/www.bho-legal.com\/en\/wissenschaftsministerium-baden-wuerttemberg-foerdert-it-projekte\/"]}]},{"@type":"BreadcrumbList","@id":"https:\/\/www.bho-legal.com\/en\/wissenschaftsministerium-baden-wuerttemberg-foerdert-it-projekte\/#breadcrumb","itemListElement":[{"@type":"ListItem","position":1,"name":"Home","item":"https:\/\/www.bho-legal.com\/en\/"},{"@type":"ListItem","position":2,"name":"Wissenschaftsministerium Baden-W\u00fcrttemberg f\u00f6rdert IT-Projekte"}]},{"@type":"WebSite","@id":"https:\/\/www.bho-legal.com\/en\/#website","url":"https:\/\/www.bho-legal.com\/en\/","name":"BHO-Legal","description":"Rechtsanwaltskanzlei K\u00f6ln M\u00fcnchen","publisher":{"@id":"https:\/\/www.bho-legal.com\/en\/#organization"},"potentialAction":[{"@type":"SearchAction","target":{"@type":"EntryPoint","urlTemplate":"https:\/\/www.bho-legal.com\/en\/?s={search_term_string}"},"query-input":{"@type":"PropertyValueSpecification","valueRequired":true,"valueName":"search_term_string"}}],"inLanguage":"en-US"},{"@type":"Organization","@id":"https:\/\/www.bho-legal.com\/en\/#organization","name":"BHO Legal","url":"https:\/\/www.bho-legal.com\/en\/","logo":{"@type":"ImageObject","inLanguage":"en-US","@id":"https:\/\/www.bho-legal.com\/en\/#\/schema\/logo\/image\/","url":"https:\/\/www.bho-legal.com\/wp-content\/uploads\/2015\/04\/logo_BHO_144-1.png","contentUrl":"https:\/\/www.bho-legal.com\/wp-content\/uploads\/2015\/04\/logo_BHO_144-1.png","width":144,"height":144,"caption":"BHO Legal"},"image":{"@id":"https:\/\/www.bho-legal.com\/en\/#\/schema\/logo\/image\/"}},{"@type":"Person","@id":"https:\/\/www.bho-legal.com\/en\/#\/schema\/person\/c596e1470c4ffc23a4248bf54380b509","name":"Dr. Roderic Ortner","image":{"@type":"ImageObject","inLanguage":"en-US","@id":"https:\/\/secure.gravatar.com\/avatar\/c14d24415385bcb4acd2c40bc605018639522ae9c4c61bc389a61eaf74b7e952?s=96&d=mm&r=g","url":"https:\/\/secure.gravatar.com\/avatar\/c14d24415385bcb4acd2c40bc605018639522ae9c4c61bc389a61eaf74b7e952?s=96&d=mm&r=g","contentUrl":"https:\/\/secure.gravatar.com\/avatar\/c14d24415385bcb4acd2c40bc605018639522ae9c4c61bc389a61eaf74b7e952?s=96&d=mm&r=g","caption":"Dr. Roderic Ortner"},"sameAs":["https:\/\/www.bho-legal.com"],"url":"https:\/\/www.bho-legal.com\/en\/author\/dr-roderic-ortner\/"}]}},"_links":{"self":[{"href":"https:\/\/www.bho-legal.com\/en\/wp-json\/wp\/v2\/posts\/2286","targetHints":{"allow":["GET"]}}],"collection":[{"href":"https:\/\/www.bho-legal.com\/en\/wp-json\/wp\/v2\/posts"}],"about":[{"href":"https:\/\/www.bho-legal.com\/en\/wp-json\/wp\/v2\/types\/post"}],"author":[{"embeddable":true,"href":"https:\/\/www.bho-legal.com\/en\/wp-json\/wp\/v2\/users\/16"}],"replies":[{"embeddable":true,"href":"https:\/\/www.bho-legal.com\/en\/wp-json\/wp\/v2\/comments?post=2286"}],"version-history":[{"count":0,"href":"https:\/\/www.bho-legal.com\/en\/wp-json\/wp\/v2\/posts\/2286\/revisions"}],"wp:attachment":[{"href":"https:\/\/www.bho-legal.com\/en\/wp-json\/wp\/v2\/media?parent=2286"}],"wp:term":[{"taxonomy":"category","embeddable":true,"href":"https:\/\/www.bho-legal.com\/en\/wp-json\/wp\/v2\/categories?post=2286"},{"taxonomy":"post_tag","embeddable":true,"href":"https:\/\/www.bho-legal.com\/en\/wp-json\/wp\/v2\/tags?post=2286"}],"curies":[{"name":"wp","href":"https:\/\/api.w.org\/{rel}","templated":true}]}}